{"id":30278,"date":"2026-04-25T19:11:59","date_gmt":"2026-04-25T17:11:59","guid":{"rendered":"https:\/\/blog.viciente.at\/front\/?p=30278"},"modified":"2026-04-25T19:13:32","modified_gmt":"2026-04-25T17:13:32","slug":"naechste-phase-des-spirituellen-erwachens-hat-begonnen-sonja-ariel-von-staden","status":"publish","type":"post","link":"https:\/\/blog.viciente.at\/front\/naechste-phase-des-spirituellen-erwachens-hat-begonnen-sonja-ariel-von-staden\/","title":{"rendered":"N\u00e4chste Phase des spirituellen Erwachens hat begonnen\u2026 | Sonja Ariel von Staden"},"content":{"rendered":"\n<p><strong>BEITRAG VON MAXIM MANKEVICH &#8211; <\/strong><\/p>\n\n\n\n<p>Was, wenn Du von etwas Gro\u00dfem beeinflusst wirst, das Du nicht sehen kannst \u2013 und Du Dich dadurch h\u00e4ufig ersch\u00f6pft f\u00fchlst? In diesem beeindruckenden Interview spricht Sonja Ariel von Staden \u00fcber den Zusammenhang zwischen Naturph\u00e4nomenen und Deinem Wohlbefinden \u2013 und warum eine bestimmte kosmische Kraft dabei oft untersch\u00e4tzt wird. <\/p>\n\n\n\n<p>Du bekommst neue Perspektiven darauf, warum sich Emotionen pl\u00f6tzlich ohne erkennbaren Ausl\u00f6ser verst\u00e4rken k\u00f6nnen, und weshalb manche Menschen darauf sensibler reagieren als andere. Am Ende bleibt eine entscheidende Frage: Was w\u00fcrde sich f\u00fcr Dich ver\u00e4ndern, wenn Du lernst, mit diesen Einfl\u00fcssen besser umzugehen?<\/p>\n\n\n\n<h4 class=\"wp-block-heading\">MEHR INFORMATIONEN IM FOLGENDEN VIDEO-BEITRAG:<\/h4>\n\n\n\n<figure class=\"wp-block-embed is-type-video is-provider-youtube wp-block-embed-youtube wp-embed-aspect-16-9 wp-has-aspect-ratio\"><div class=\"wp-block-embed__wrapper\">\n<p class=\"responsive-video-wrap clr\"><iframe title=\"Diese kosmischen Kr\u00e4fte wirken JETZT auf DICH | Sonja Ariel von Staden\" width=\"1200\" height=\"675\" data-src=\"https:\/\/www.youtube.com\/embed\/wQaCAOiZMu0?feature=oembed\" frameborder=\"0\" allow=\"accelerometer; autoplay; clipboard-write; encrypted-media; gyroscope; picture-in-picture; web-share\" referrerpolicy=\"strict-origin-when-cross-origin\" allowfullscreen src=\"data:image\/svg+xml;base64,PHN2ZyB3aWR0aD0iMSIgaGVpZ2h0PSIxIiB4bWxucz0iaHR0cDovL3d3dy53My5vcmcvMjAwMC9zdmciPjwvc3ZnPg==\" class=\"lazyload\" data-load-mode=\"1\"><\/iframe><\/p>\n<\/div><\/figure>\n\n\n\n<p>00:00:00 Intro<br>00:01:29 Abflachung der Kreativit\u00e4t &amp; Gleichmacherei<br>00:08:38 Kreativit\u00e4t als Sch\u00f6pferkraft<br>00:10:00 Sonnenst\u00fcrme &amp; pers\u00f6nliches Erwachen<br>00:23:18 Feinstoffliche Wahrnehmung &amp; rei\u00dfende Schleier<br>00:27:09 Traumdeutung &amp; Gef\u00fchle als Schl\u00fcssel<br>00:31:35 Wer bin ich wirklich? \u2013 Basis der Selbstwahrnehmung<br>00:38:14 Burnout, Balance &amp; kleine Alltags-\u00dcbungen<\/p>\n\n\n\n<p>Erfahre mehr \u00fcber Sonjas Arbeit: <a href=\"https:\/\/www.sonja-ariel.com\/\">https:\/\/www.sonja-ariel.com\/<\/a><\/p>\n\n\n\n<p>Die ge\u00e4u\u00dferten Meinungen und Aussagen dienen ausschlie\u00dflich Bildungs- und Informationszwecken, ersetzen jedoch keine therapeutische oder medizinische Beratung.<\/p>\n\n\n\n<p>Bereit Dein Genie zu entdecken? Lebe selbstbewusster, freier &amp; erfolgreicher mit genialen Video-Kursen aus unserer Online-Akademie: <a href=\"https:\/\/akademie.maximmankevich.com\/\">https:\/\/akademie.maximmankevich.com\/<\/a><\/p>\n\n\n\n<hr class=\"wp-block-separator has-alpha-channel-opacity\"\/>\n\n\n\n<p>\u25baVideo-Kurs (Wert: 111\u20ac) geschenkt: <a href=\"https:\/\/akademie.maximmankevich.com\/magic\">https:\/\/akademie.maximmankevich.com\/magic<\/a><br>\u25baKanal ABONNIEREN: <a href=\"http:\/\/bit.ly\/MM_abonnieren\">http:\/\/bit.ly\/MM_abonnieren<\/a><br>\u25baFACEBOOK: <a href=\"https:\/\/www.facebook.com\/maxim.mankevich\">https:\/\/www.facebook.com\/maxim.mankevich<\/a><br>\u25baINSTAGRAM: <a href=\"https:\/\/www.instagram.com\/maxim.mankevich\">https:\/\/www.instagram.com\/maxim.mankevich<\/a><\/p>\n\n\n\n<hr class=\"wp-block-separator has-alpha-channel-opacity\"\/>\n\n\n\n<p>Wer ist Maxim Mankevich?<br>Maxim ist SPIEGEL-Bestsellerautor #1 und Experte f\u00fcr Erfolgswissen. Er stieg nach seinem BWL-Studium und zahlreichen internationalen Projekten als Studienleiter beim Branchenprimus Greator ein. Innerhalb k\u00fcrzester Zeit bildete er Experten &amp; F\u00fchrungskr\u00e4fte aus und wurde dort zum j\u00fcngsten Trainer aller Zeiten. Zudem mitbegr\u00fcndete Maxim einen Studiengang, indem er als Hochschuldozent \u00fcber 40 verschiedene Seminare leitete.<\/p>\n\n\n\n<p>In seinem #1 Podcast &#8222;Die K\u00f6pfe der Genies&#8220; erreicht Maxim jedes Jahr mehrere Millionen Zuh\u00f6rer und teilt au\u00dfergew\u00f6hnliches Insider-Wissen &amp; faszinierende Geschichten der gr\u00f6\u00dften Genies aller Zeiten. Sein #1 Bestseller &#8222;Soul Master&#8220; hat es in die Top 3 von SPIEGEL im Jahr 2022 geschafft.<\/p>\n\n\n\n<p>Maxim ist zudem ein gefragter Experte. Er ber\u00e4t Vorst\u00e4nde, deutsche Fu\u00dfball-Weltmeister und Menschen mit genialen Ideen. Er verf\u00fcgt mit \u00fcber +1 Mio. Abonnenten \u00fcber eine riesige Social-Media-Reichweite. Dabei wurde er mehrfach ausgezeichnet, unter anderem im ERFOLG Magazin (Top 10 der erfolgreichsten Trainer in ganz D A CH). Zudem wurde Maxim als j\u00fcngster Experte in dem renommierten \u201eTop 100 Speakers Excellence\u201c Katalog aufgenommen. Mit seiner starken Pr\u00e4senz im Markt erreicht er \u00fcber 5 Millionen Menschen jeden Monat, h\u00e4lt europaweit Seminare und begeistert Menschen von jung bis alt. In seinen Vortr\u00e4gen erlebt das Publikum zielgerichtete Inspiration und Inhalt mit Tiefgang.<\/p>\n\n\n\n<hr class=\"wp-block-separator has-alpha-channel-opacity\"\/>\n\n\n\n<p>PS: Steckt ein Genie in Dir? Trainiere Dein Genie mit starken Videokursen aus unserer Online-Akademie: <a href=\"https:\/\/akademie.maximmankevich.com\/\">https:\/\/akademie.maximmankevich.com\/<\/a><\/p>\n\n\n\n<h3 class=\"wp-block-heading\">QUELLENHINWEIS: <a href=\"https:\/\/www.youtube.com\/watch?v=wQaCAOiZMu0\">Maxim Mankevich<\/a><\/h3>\n","protected":false},"excerpt":{"rendered":"<p>BEITRAG VON MAXIM MANKEVICH &#8211; Was, wenn Du von etwas Gro\u00dfem beeinflusst wirst, das Du nicht sehen kannst \u2013 und Du Dich dadurch h\u00e4ufig ersch\u00f6pft f\u00fchlst? In diesem beeindruckenden Interview spricht Sonja Ariel von Staden \u00fcber den Zusammenhang zwischen Naturph\u00e4nomenen und Deinem Wohlbefinden \u2013 und warum eine bestimmte kosmische Kraft dabei oft untersch\u00e4tzt wird. Du [&hellip;]<\/p>\n","protected":false},"author":2,"featured_media":30279,"comment_status":"open","ping_status":"closed","sticky":false,"template":"","format":"standard","meta":{"ocean_post_layout":"","ocean_both_sidebars_style":"","ocean_both_sidebars_content_width":0,"ocean_both_sidebars_sidebars_width":0,"ocean_sidebar":"","ocean_second_sidebar":"","ocean_disable_margins":"enable","ocean_add_body_class":"","ocean_shortcode_before_top_bar":"","ocean_shortcode_after_top_bar":"","ocean_shortcode_before_header":"","ocean_shortcode_after_header":"","ocean_has_shortcode":"","ocean_shortcode_after_title":"","ocean_shortcode_before_footer_widgets":"","ocean_shortcode_after_footer_widgets":"","ocean_shortcode_before_footer_bottom":"","ocean_shortcode_after_footer_bottom":"","ocean_display_top_bar":"default","ocean_display_header":"default","ocean_header_style":"","ocean_center_header_left_menu":"","ocean_custom_header_template":"","ocean_custom_logo":0,"ocean_custom_retina_logo":0,"ocean_custom_logo_max_width":0,"ocean_custom_logo_tablet_max_width":0,"ocean_custom_logo_mobile_max_width":0,"ocean_custom_logo_max_height":0,"ocean_custom_logo_tablet_max_height":0,"ocean_custom_logo_mobile_max_height":0,"ocean_header_custom_menu":"","ocean_menu_typo_font_family":"","ocean_menu_typo_font_subset":"","ocean_menu_typo_font_size":0,"ocean_menu_typo_font_size_tablet":0,"ocean_menu_typo_font_size_mobile":0,"ocean_menu_typo_font_size_unit":"px","ocean_menu_typo_font_weight":"","ocean_menu_typo_font_weight_tablet":"","ocean_menu_typo_font_weight_mobile":"","ocean_menu_typo_transform":"","ocean_menu_typo_transform_tablet":"","ocean_menu_typo_transform_mobile":"","ocean_menu_typo_line_height":0,"ocean_menu_typo_line_height_tablet":0,"ocean_menu_typo_line_height_mobile":0,"ocean_menu_typo_line_height_unit":"","ocean_menu_typo_spacing":0,"ocean_menu_typo_spacing_tablet":0,"ocean_menu_typo_spacing_mobile":0,"ocean_menu_typo_spacing_unit":"","ocean_menu_link_color":"","ocean_menu_link_color_hover":"","ocean_menu_link_color_active":"","ocean_menu_link_background":"","ocean_menu_link_hover_background":"","ocean_menu_link_active_background":"","ocean_menu_social_links_bg":"","ocean_menu_social_hover_links_bg":"","ocean_menu_social_links_color":"","ocean_menu_social_hover_links_color":"","ocean_disable_title":"default","ocean_disable_heading":"default","ocean_post_title":"","ocean_post_subheading":"","ocean_post_title_style":"","ocean_post_title_background_color":"","ocean_post_title_background":0,"ocean_post_title_bg_image_position":"","ocean_post_title_bg_image_attachment":"","ocean_post_title_bg_image_repeat":"","ocean_post_title_bg_image_size":"","ocean_post_title_height":0,"ocean_post_title_bg_overlay":0.5,"ocean_post_title_bg_overlay_color":"","ocean_disable_breadcrumbs":"default","ocean_breadcrumbs_color":"","ocean_breadcrumbs_separator_color":"","ocean_breadcrumbs_links_color":"","ocean_breadcrumbs_links_hover_color":"","ocean_display_footer_widgets":"default","ocean_display_footer_bottom":"default","ocean_custom_footer_template":"","wds_primary_category":424,"ocean_post_oembed":"","ocean_post_self_hosted_media":"","ocean_post_video_embed":"","ocean_link_format":"","ocean_link_format_target":"self","ocean_quote_format":"","ocean_quote_format_link":"post","ocean_gallery_link_images":"on","ocean_gallery_id":[],"footnotes":""},"categories":[424,16],"tags":[539,1670,1668,504,1669],"class_list":["post-30278","post","type-post","status-publish","format-standard","has-post-thumbnail","hentry","category-alle-beitraege","category-esoterik","tag-emotionen","tag-maxim-mankevich","tag-sonnensturm","tag-spirituell","tag-traeume","entry","has-media"],"_links":{"self":[{"href":"https:\/\/blog.viciente.at\/front\/wp-json\/wp\/v2\/posts\/30278","targetHints":{"allow":["GET"]}}],"collection":[{"href":"https:\/\/blog.viciente.at\/front\/wp-json\/wp\/v2\/posts"}],"about":[{"href":"https:\/\/blog.viciente.at\/front\/wp-json\/wp\/v2\/types\/post"}],"author":[{"embeddable":true,"href":"https:\/\/blog.viciente.at\/front\/wp-json\/wp\/v2\/users\/2"}],"replies":[{"embeddable":true,"href":"https:\/\/blog.viciente.at\/front\/wp-json\/wp\/v2\/comments?post=30278"}],"version-history":[{"count":0,"href":"https:\/\/blog.viciente.at\/front\/wp-json\/wp\/v2\/posts\/30278\/revisions"}],"wp:featuredmedia":[{"embeddable":true,"href":"https:\/\/blog.viciente.at\/front\/wp-json\/wp\/v2\/media\/30279"}],"wp:attachment":[{"href":"https:\/\/blog.viciente.at\/front\/wp-json\/wp\/v2\/media?parent=30278"}],"wp:term":[{"taxonomy":"category","embeddable":true,"href":"https:\/\/blog.viciente.at\/front\/wp-json\/wp\/v2\/categories?post=30278"},{"taxonomy":"post_tag","embeddable":true,"href":"https:\/\/blog.viciente.at\/front\/wp-json\/wp\/v2\/tags?post=30278"}],"curies":[{"name":"wp","href":"https:\/\/api.w.org\/{rel}","templated":true}]}}